{"id":4675,"date":"2026-01-24T12:43:25","date_gmt":"2026-01-24T11:43:25","guid":{"rendered":"https:\/\/gazadesvisages.com\/?p=4675"},"modified":"2026-01-24T12:43:26","modified_gmt":"2026-01-24T11:43:26","slug":"mohammed-qeshta-abed-al-shaath-anas-ghneim-journalistes","status":"publish","type":"post","link":"https:\/\/gazadesvisages.com\/index.php\/2026\/01\/24\/mohammed-qeshta-abed-al-shaath-anas-ghneim-journalistes\/","title":{"rendered":"Mohammed QESHTA, Abed AL-SHAATH, Anas GHNEIM, journalistes"},"content":{"rendered":"\n<div class=\"wp-block-columns is-layout-flex wp-container-core-columns-is-layout-9d6595d7 wp-block-columns-is-layout-flex\">\n<div class=\"wp-block-column is-layout-flow wp-block-column-is-layout-flow\">\n<figure class=\"wp-block-image size-full\"><img decoding=\"async\" width=\"743\" height=\"1079\" src=\"https:\/\/gazadesvisages.com\/wp-content\/uploads\/2026\/01\/GazaVisages_FR461_Mohammed-QESHTA_Abed-AL-SHAATH_Anas-GHNEIM_POSTER.jpg\" alt=\"\" class=\"wp-image-4676\" srcset=\"https:\/\/gazadesvisages.com\/wp-content\/uploads\/2026\/01\/GazaVisages_FR461_Mohammed-QESHTA_Abed-AL-SHAATH_Anas-GHNEIM_POSTER.jpg 743w, https:\/\/gazadesvisages.com\/wp-content\/uploads\/2026\/01\/GazaVisages_FR461_Mohammed-QESHTA_Abed-AL-SHAATH_Anas-GHNEIM_POSTER-207x300.jpg 207w, https:\/\/gazadesvisages.com\/wp-content\/uploads\/2026\/01\/GazaVisages_FR461_Mohammed-QESHTA_Abed-AL-SHAATH_Anas-GHNEIM_POSTER-520x755.jpg 520w\" sizes=\"(max-width: 743px) 100vw, 743px\" \/><\/figure>\n<\/div>\n\n\n\n<div class=\"wp-block-column is-layout-flow wp-block-column-is-layout-flow\">\n<p class=\"has-text-align-center\">Vous pouvez t\u00e9l\u00e9charger le poster afin de l\u2019imprimer au format A3 en vue de veill\u00e9es de sensibilisation, partout o\u00f9 ce sera possible avec le mot d\u2019ordre (si possible \u00e9crit \u00e0 la lueur des bougies) :<br>\u2028CESSEZ LE FEU IMM\u00c9DIAT \u00c0 GAZA ET EN PALESTINE !<\/p>\n\n\n\n<div class=\"wp-block-quick-download-button-download-button aligncenter qdbn-wrapper\"><div class=\"qdbn qdbp-pro\" data-plugin-name=\"qdbn\" data-style=\"mid\" data-file=\"hide-file\" data-size=\"hide-size\"><div class=\"qdbn-download-button-inner\"><button type=\"button\" data-button-type=\"mid\" class=\"g-btn f-l\" style=\"background-color:#ff6900;color:#ffffff;border-radius:25px;border:1px solid #e2e2e2\" data-attachment-id=\"4776\" data-page-id=\"100\" data-post-id=\"\" data-have-external=\"false\" data-external-url=\"\" data-wait-duration=\"0\" data-target-blank=\"false\" data-msg=\"Please wait...\" data-member=\"0\" data-has-icon-dark=\"false\" title=\"Download\" data-qdb-btn-id=\"098629469a13\"><span class=\"download-btn-icon\"><svg xmlns=\"http:\/\/www.w3.org\/2000\/svg\" viewBox=\"0 0 24 24\" width=\"22\" height=\"22\" aria-hidden=\"true\"><path d=\"M18 11.3l-1-1.1-4 4V3h-1.5v11.3L7 10.2l-1 1.1 6.2 5.8 5.8-5.8zm.5 3.7v3.5h-13V15H4v5h16v-5h-1.5z\"><\/path><\/svg><\/span><span>Download<\/span><\/button><p class=\"up\" style=\"background:#ff6900;border-radius:25px 0px 0px 25px\"><i class=\"fi fi-image\"><\/i><\/p><p class=\"down\" style=\"background:#ff6900;border-radius:0px 25px 25px 0px\"><i class=\"fi-folder-o\"><\/i><span class=\"file-size\">138 Ko<\/span><\/p><\/div><\/div><quick-download-button-info class=\"qdb-btn-info\"><\/quick-download-button-info><\/div>\n<\/div>\n<\/div>\n","protected":false},"excerpt":{"rendered":"<p>Journalistes. Mohammed (35 ans, p\u00e8re de 4 enfants), Abed (34\u00a0ans, contributeur \u00e0 l\u2019AFP), Anas (25\u00a0ans, p\u00e8re de deux enfants). Le 21 janvier 2026, dans le centre de Gaza, une zone consid\u00e9r\u00e9e comme \u00ab\u00a0s\u00fbre et humanitaire\u00a0\u00bb, \u00e0 environ cinq km de la ligne dite \u00ab\u00a0jaune\u00a0\u00bb, ils effectuaient un tournage sur la situation des Palestiniens d\u00e9plac\u00e9s dans le camp d\u2019Al-Zahra, soutenu par le Comit\u00e9 \u00e9gyptien d\u2019aide \u00e0 Gaza.<br \/>\nLes trois journalistes \u00e9taient \u00e0 bord d\u2019un v\u00e9hicule clairement identifi\u00e9 par le sigle du Comit\u00e9 \u00e9gyptien. Ils portaient leurs gilets de presse.<br \/>\nEn violation du \u00ab\u00a0cessez le feu\u00a0\u00bb en vigueur, ils sont cibl\u00e9s par un drone de l\u2019arm\u00e9e isra\u00e9lienne puis assassin\u00e9s\u00a0; leur v\u00e9hicule est enti\u00e8rement calcin\u00e9.<\/p>\n","protected":false},"author":4,"featured_media":4676,"comment_status":"closed","ping_status":"closed","sticky":false,"template":"","format":"standard","meta":{"footnotes":""},"categories":[105],"tags":[],"class_list":["post-4675","post","type-post","status-publish","format-standard","has-post-thumbnail","hentry","category-journaliste"],"_links":{"self":[{"href":"https:\/\/gazadesvisages.com\/index.php\/wp-json\/wp\/v2\/posts\/4675","targetHints":{"allow":["GET"]}}],"collection":[{"href":"https:\/\/gazadesvisages.com\/index.php\/wp-json\/wp\/v2\/posts"}],"about":[{"href":"https:\/\/gazadesvisages.com\/index.php\/wp-json\/wp\/v2\/types\/post"}],"author":[{"embeddable":true,"href":"https:\/\/gazadesvisages.com\/index.php\/wp-json\/wp\/v2\/users\/4"}],"replies":[{"embeddable":true,"href":"https:\/\/gazadesvisages.com\/index.php\/wp-json\/wp\/v2\/comments?post=4675"}],"version-history":[{"count":2,"href":"https:\/\/gazadesvisages.com\/index.php\/wp-json\/wp\/v2\/posts\/4675\/revisions"}],"predecessor-version":[{"id":4678,"href":"https:\/\/gazadesvisages.com\/index.php\/wp-json\/wp\/v2\/posts\/4675\/revisions\/4678"}],"wp:featuredmedia":[{"embeddable":true,"href":"https:\/\/gazadesvisages.com\/index.php\/wp-json\/wp\/v2\/media\/4676"}],"wp:attachment":[{"href":"https:\/\/gazadesvisages.com\/index.php\/wp-json\/wp\/v2\/media?parent=4675"}],"wp:term":[{"taxonomy":"category","embeddable":true,"href":"https:\/\/gazadesvisages.com\/index.php\/wp-json\/wp\/v2\/categories?post=4675"},{"taxonomy":"post_tag","embeddable":true,"href":"https:\/\/gazadesvisages.com\/index.php\/wp-json\/wp\/v2\/tags?post=4675"}],"curies":[{"name":"wp","href":"https:\/\/api.w.org\/{rel}","templated":true}]}}