{"id":4700,"date":"2026-03-13T12:26:58","date_gmt":"2026-03-13T11:26:58","guid":{"rendered":"https:\/\/gazadesvisages.com\/?p=4700"},"modified":"2026-03-13T12:28:51","modified_gmt":"2026-03-13T11:28:51","slug":"amal-al-shamali-journaliste","status":"publish","type":"post","link":"https:\/\/gazadesvisages.com\/index.php\/2026\/03\/13\/amal-al-shamali-journaliste\/","title":{"rendered":"Amal AL SHAMALI, journaliste"},"content":{"rendered":"\n<div class=\"wp-block-columns is-layout-flex wp-container-core-columns-is-layout-9d6595d7 wp-block-columns-is-layout-flex\">\n<div class=\"wp-block-column is-layout-flow wp-block-column-is-layout-flow\">\n<figure class=\"wp-block-image size-full\"><img decoding=\"async\" width=\"742\" height=\"1079\" src=\"https:\/\/gazadesvisages.com\/wp-content\/uploads\/2026\/03\/GazaVisages_FR466_Amal_AL-SHAMALI_POSTER.jpg\" alt=\"\" class=\"wp-image-4701\" srcset=\"https:\/\/gazadesvisages.com\/wp-content\/uploads\/2026\/03\/GazaVisages_FR466_Amal_AL-SHAMALI_POSTER.jpg 742w, https:\/\/gazadesvisages.com\/wp-content\/uploads\/2026\/03\/GazaVisages_FR466_Amal_AL-SHAMALI_POSTER-206x300.jpg 206w, https:\/\/gazadesvisages.com\/wp-content\/uploads\/2026\/03\/GazaVisages_FR466_Amal_AL-SHAMALI_POSTER-520x756.jpg 520w\" sizes=\"(max-width: 742px) 100vw, 742px\" \/><\/figure>\n<\/div>\n\n\n\n<div class=\"wp-block-column is-layout-flow wp-block-column-is-layout-flow\">\n<p><\/p>\n\n\n\n<p><\/p>\n\n\n\n<p class=\"has-text-align-center\">Vous pouvez t\u00e9l\u00e9charger le poster afin de l\u2019imprimer au format A3 en vue de veill\u00e9es de sensibilisation, partout o\u00f9 ce sera possible avec le mot d\u2019ordre (si possible \u00e9crit \u00e0 la lueur des bougies) :<br>\u2028CESSEZ LE FEU IMM\u00c9DIAT \u00c0 GAZA ET EN PALESTINE !<\/p>\n\n\n\n<div class=\"wp-block-quick-download-button-download-button aligncenter qdbn-wrapper\"><div class=\"qdbn qdbp-pro\" data-plugin-name=\"qdbn\" data-style=\"mid\" data-file=\"hide-file\" data-size=\"hide-size\"><div class=\"qdbn-download-button-inner\"><button type=\"button\" data-button-type=\"mid\" class=\"g-btn f-l\" style=\"background-color:#ff6900;color:#ffffff;border-radius:25px;border:1px solid #e2e2e2\" data-attachment-id=\"4801\" data-page-id=\"100\" data-post-id=\"\" data-have-external=\"false\" data-external-url=\"\" data-wait-duration=\"0\" data-target-blank=\"false\" data-msg=\"Please wait...\" data-member=\"0\" data-has-icon-dark=\"false\" title=\"Download\" data-qdb-btn-id=\"098629469a13\"><span class=\"download-btn-icon\"><svg xmlns=\"http:\/\/www.w3.org\/2000\/svg\" viewBox=\"0 0 24 24\" width=\"22\" height=\"22\" aria-hidden=\"true\"><path d=\"M18 11.3l-1-1.1-4 4V3h-1.5v11.3L7 10.2l-1 1.1 6.2 5.8 5.8-5.8zm.5 3.7v3.5h-13V15H4v5h16v-5h-1.5z\"><\/path><\/svg><\/span><span>Download<\/span><\/button><p class=\"up\" style=\"background:#ff6900;border-radius:25px 0px 0px 25px\"><i class=\"fi fi-image\"><\/i><\/p><p class=\"down\" style=\"background:#ff6900;border-radius:0px 25px 25px 0px\"><i class=\"fi-folder-o\"><\/i><span class=\"file-size\">111 Ko<\/span><\/p><\/div><\/div><quick-download-button-info class=\"qdb-btn-info\"><\/quick-download-button-info><\/div>\n<\/div>\n<\/div>\n\n\n\n<blockquote class=\"wp-block-quote is-layout-flow wp-block-quote-is-layout-flow\">\n<p><em>L\u2019assassinat de notre cons\u0153ur Al-Shamali survient alors que le monde c\u00e9l\u00e8bre la Journ\u00e9e internationale des droits des femmes. Ce paradoxe douloureux r\u00e9v\u00e8le l\u2019ampleur des crimes subis par les femmes palestiniennes, et particuli\u00e8rement les journalistes qui continuent d\u2019accomplir leur mission professionnelle pour transmettre la v\u00e9rit\u00e9 au c\u0153ur de la trag\u00e9die, malgr\u00e9 les bombardements et les menaces constantes<\/em>.<\/p>\n\n\n\n<p>Le Forum des m\u00e9dias palestiniens<\/p>\n\n\n\n<p><\/p>\n<\/blockquote>\n\n\n\n<p><\/p>\n","protected":false},"excerpt":{"rendered":"<p>Journaliste, 46 ans, 3 enfants. Elle a document\u00e9 la guerre g\u00e9nocidaire en cours dans la bande de Gaza \u00e0 travers ses contributions \u00e0 Radio Qatar et \u00e0 plusieurs m\u00e9dias arabes et locaux.<\/p>\n<p>Elle est reconnue pour son travail syndical pour la d\u00e9fense des droits des journalistes.<\/p>\n<p>Elle est tu\u00e9e par l\u2019arm\u00e9e isra\u00e9lienne lors du bombardement, le 9 mars 2026 vers une heure du matin, des tentes des familles d\u00e9plac\u00e9es \u00e0 Al-Zawaida, dans le centre de la bande de Gaza, une zone \u00e9loign\u00e9e de la \u00ab ligne jaune \u00bb.<\/p>\n","protected":false},"author":4,"featured_media":4701,"comment_status":"closed","ping_status":"closed","sticky":false,"template":"","format":"standard","meta":{"footnotes":""},"categories":[105],"tags":[],"class_list":["post-4700","post","type-post","status-publish","format-standard","has-post-thumbnail","hentry","category-journaliste"],"_links":{"self":[{"href":"https:\/\/gazadesvisages.com\/index.php\/wp-json\/wp\/v2\/posts\/4700","targetHints":{"allow":["GET"]}}],"collection":[{"href":"https:\/\/gazadesvisages.com\/index.php\/wp-json\/wp\/v2\/posts"}],"about":[{"href":"https:\/\/gazadesvisages.com\/index.php\/wp-json\/wp\/v2\/types\/post"}],"author":[{"embeddable":true,"href":"https:\/\/gazadesvisages.com\/index.php\/wp-json\/wp\/v2\/users\/4"}],"replies":[{"embeddable":true,"href":"https:\/\/gazadesvisages.com\/index.php\/wp-json\/wp\/v2\/comments?post=4700"}],"version-history":[{"count":7,"href":"https:\/\/gazadesvisages.com\/index.php\/wp-json\/wp\/v2\/posts\/4700\/revisions"}],"predecessor-version":[{"id":4708,"href":"https:\/\/gazadesvisages.com\/index.php\/wp-json\/wp\/v2\/posts\/4700\/revisions\/4708"}],"wp:featuredmedia":[{"embeddable":true,"href":"https:\/\/gazadesvisages.com\/index.php\/wp-json\/wp\/v2\/media\/4701"}],"wp:attachment":[{"href":"https:\/\/gazadesvisages.com\/index.php\/wp-json\/wp\/v2\/media?parent=4700"}],"wp:term":[{"taxonomy":"category","embeddable":true,"href":"https:\/\/gazadesvisages.com\/index.php\/wp-json\/wp\/v2\/categories?post=4700"},{"taxonomy":"post_tag","embeddable":true,"href":"https:\/\/gazadesvisages.com\/index.php\/wp-json\/wp\/v2\/tags?post=4700"}],"curies":[{"name":"wp","href":"https:\/\/api.w.org\/{rel}","templated":true}]}}